{"id":4748,"date":"2016-09-26T15:42:49","date_gmt":"2016-09-26T13:42:49","guid":{"rendered":"http:\/\/www.car-shooters.com\/fr\/?p=4748"},"modified":"2016-09-26T15:51:32","modified_gmt":"2016-09-26T13:51:32","slug":"porsche-911-targa-passe-et-present-dun-mythe","status":"publish","type":"post","link":"https:\/\/www.car-shooters.com\/fr\/2016\/09\/26\/porsche-911-targa-passe-et-present-dun-mythe\/","title":{"rendered":"PORSCHE 911 TARGA: Pass\u00e9 et pr\u00e9sent d&#8217;un mythe"},"content":{"rendered":"<p>Aujourd&#8217;hui est vraiment un jour sp\u00e9cial, je suis au \u201cPasso delle Croci\u201d \u00e0 bord de ce fantastique Porsche 911 Targa 4S. Vous l\u2019avez d\u00e9j\u00e0 d\u00e9couvert dans les moindres d\u00e9tails avec le test-drive Leonardo. Aujourd&#8217;hui, j&#8217;ai le plaisir de la conduire sur les m\u00eames routes pr\u00e8s du lac de Bilancino, o\u00f9 nous avons d\u00e9j\u00e0 mis posant pr\u00e8s du barrage.<\/p>\n<p><img loading=\"lazy\" decoding=\"async\" class=\"alignnone wp-image-4741 size-page\" src=\"http:\/\/www.car-shooters.com\/wp-content\/uploads\/2016\/09\/CAR_SHOOTERS_PORSCHE_911_TARGA_STORICA_51-990x659.jpg\" alt=\"CAR_SHOOTERS_PORSCHE_911_TARGA_STORICA_51\" width=\"990\" height=\"659\" \/><\/p>\n<p><img loading=\"lazy\" decoding=\"async\" class=\"alignnone wp-image-4692 size-page\" src=\"http:\/\/www.car-shooters.com\/wp-content\/uploads\/2016\/09\/CAR_SHOOTERS_PORSCHE_911_TARGA_STORICA_2-990x660.jpg\" alt=\"CAR_SHOOTERS_PORSCHE_911_TARGA_STORICA_2\" width=\"990\" height=\"660\" \/><\/p>\n<p>Je voulais c\u00e9l\u00e9brer au mieux cette voiture qui a fait l&#8217;histoire de l&#8217;automobile et donc j\u2019ai d\u00e9cid\u00e9 de vous offrir une s\u00e9ance photo sp\u00e9ciale. Un voyage \u00e0 deux, entre pass\u00e9 et pr\u00e9sent, entre l&#8217;histoire et la modernit\u00e9. D&#8217;une part il y a moi, avec cette derni\u00e8re version de la Porsche 911 Targa 4S et de l\u2019autre Paola, avec un Porsche 911 T Targa du 1973.<\/p>\n<p><img loading=\"lazy\" decoding=\"async\" class=\"alignnone wp-image-4701 size-page\" src=\"http:\/\/www.car-shooters.com\/wp-content\/uploads\/2016\/09\/CAR_SHOOTERS_PORSCHE_911_TARGA_STORICA_11-990x659.jpg\" alt=\"CAR_SHOOTERS_PORSCHE_911_TARGA_STORICA_11\" width=\"990\" height=\"659\" \/><\/p>\n<p><img loading=\"lazy\" decoding=\"async\" class=\"alignnone wp-image-4710 size-page\" src=\"http:\/\/www.car-shooters.com\/wp-content\/uploads\/2016\/09\/CAR_SHOOTERS_PORSCHE_911_TARGA_STORICA_20-990x659.jpg\" alt=\"CAR_SHOOTERS_PORSCHE_911_TARGA_STORICA_20\" width=\"990\" height=\"659\" \/><\/p>\n<p>Paola est \u00e0 son troisi\u00e8me mandat comme vice-pr\u00e9sident du Registre Italien Porsche 911 et 912. Le club a \u00e9t\u00e9 fond\u00e9 en 2005 et depuis sa fondation, elle fait partie du Conseil ex\u00e9cutif. En bref, une vraie d\u00e9vote \u00e0 la marque et \u00e0 sa &#8220;Giallina (Litt. Petite Jaune)&#8221;, parce que c\u2019est comme \u00e7a qu\u2019elle appelle sa belle voiture. Je ne pouvais pas partager cette journ\u00e9e avec une meilleure personne!<\/p>\n<p><img loading=\"lazy\" decoding=\"async\" class=\"alignnone wp-image-4704 size-page\" src=\"http:\/\/www.car-shooters.com\/wp-content\/uploads\/2016\/09\/CAR_SHOOTERS_PORSCHE_911_TARGA_STORICA_14-990x659.jpg\" alt=\"CAR_SHOOTERS_PORSCHE_911_TARGA_STORICA_14\" width=\"990\" height=\"659\" \/><\/p>\n<p><img loading=\"lazy\" decoding=\"async\" class=\"alignnone wp-image-4700 size-page\" src=\"http:\/\/www.car-shooters.com\/wp-content\/uploads\/2016\/09\/CAR_SHOOTERS_PORSCHE_911_TARGA_STORICA_10-990x659.jpg\" alt=\"CAR_SHOOTERS_PORSCHE_911_TARGA_STORICA_10\" width=\"990\" height=\"659\" \/><\/p>\n<p>La trouver n&#8217;a pas \u00e9t\u00e9 facile, mais avec l&#8217;aide de Mario Nicu, pr\u00e9sident de RIP911, et Luciano Bellero, Secr\u00e9taire du Registre italien Porsche 356, j&#8217;ai \u00e9t\u00e9 en mesure d&#8217;accomplir cette s\u00e9ance photo et immortaliser ensemble deux ic\u00f4nes des quatre roues, rendant hommage \u00e0 la 911 Targa, une voiture que j\u2019aime. Je commence \u00e0 prendre des photos pr\u00e8s du lac, auquel, apr\u00e8s le barrage, il me semble encore bien de donner de l&#8217;espace, \u00e9tant donn\u00e9 le paysage fantastique.<\/p>\n<p><img loading=\"lazy\" decoding=\"async\" class=\"alignnone wp-image-4696 size-page\" src=\"http:\/\/www.car-shooters.com\/wp-content\/uploads\/2016\/09\/CAR_SHOOTERS_PORSCHE_911_TARGA_STORICA_6-990x659.jpg\" alt=\"CAR_SHOOTERS_PORSCHE_911_TARGA_STORICA_6\" width=\"990\" height=\"659\" \/><\/p>\n<p>Dans les rues autour de Galliano les deux Porsche 911 Targa suivent l\u2019une l\u2019autre, avec leurs couleurs contrast\u00e9es, Lava Orange et Jaune. Un f\u00eate pour les yeux. C\u2019est vraiment fascinant remarquer comme m\u00eame dans les plus petits d\u00e9tails, Porsche, avec la 911, a \u00e9t\u00e9 en mesure de maintenir une philosophie de conception unique et m\u00e9canique, mais \u00e9tant toujours adapt\u00e9e \u00e0 la modernit\u00e9 version apr\u00e8s version.<\/p>\n<p><img loading=\"lazy\" decoding=\"async\" class=\"alignnone wp-image-4725 size-page\" src=\"http:\/\/www.car-shooters.com\/wp-content\/uploads\/2016\/09\/CAR_SHOOTERS_PORSCHE_911_TARGA_STORICA_35-990x659.jpg\" alt=\"CAR_SHOOTERS_PORSCHE_911_TARGA_STORICA_35\" width=\"990\" height=\"659\" \/><\/p>\n<p><img loading=\"lazy\" decoding=\"async\" class=\"alignnone wp-image-4708 size-page\" src=\"http:\/\/www.car-shooters.com\/wp-content\/uploads\/2016\/09\/CAR_SHOOTERS_PORSCHE_911_TARGA_STORICA_18-990x659.jpg\" alt=\"CAR_SHOOTERS_PORSCHE_911_TARGA_STORICA_18\" width=\"990\" height=\"659\" \/><\/p>\n<p>Une autre caract\u00e9ristique est le pilier en aluminium avec la plaque d&#8217;inscription ainsi que la conception du poste de pilotage et \u00e0 l&#8217;arri\u00e8re, intemporel. Deux voitures qui g\u00e9n\u00e8rent une grande attraction, m\u00eame si beaucoup de choses ont chang\u00e9 au cours des 43 ann\u00e9es qui les s\u00e9pare. On se ne rend compte quand il vient d&#8217;ouvrir le toit, le mod\u00e8le actuel en appuyant simplement sur un bouton, de pi\u00e8ces automobiles ferme, d&#8217;op\u00e9rer un mouvement fascinant qui met le toit dans le compartiment arri\u00e8re. Pour la &#8220;Giallina&#8221; est une autre histoire, Paola, debout \u00e0 l&#8217;ext\u00e9rieur de la voiture, l\u00e8ve le toit avec la patience des deux c\u00f4t\u00e9s de la voiture pour le stockage derri\u00e8re les si\u00e8ges avant.<\/p>\n<p><img loading=\"lazy\" decoding=\"async\" class=\"alignnone wp-image-4693 size-page\" src=\"http:\/\/www.car-shooters.com\/wp-content\/uploads\/2016\/09\/CAR_SHOOTERS_PORSCHE_911_TARGA_STORICA_3-990x659.jpg\" alt=\"CAR_SHOOTERS_PORSCHE_911_TARGA_STORICA_3\" width=\"990\" height=\"659\" \/><\/p>\n<p>Et puis il y a la performance de conduite, les Targa 4S nous testons offre une adh\u00e9rence sans fin en raison des gros pneus et toutes roues motrices; Paola me dit au contraire que bien que chaque Porsche est unique, les historiques sont un autre monde. La puissance est mineure, mais l&#8217;absence de contr\u00f4les \u00e9lectroniques et roues arri\u00e8re motrices se font sentir. La seule philosophie exacte est celle du respect pour la voiture que vous conduisez, qui permet de pardonner m\u00eame une entr\u00e9e dans la mauvaise courbe.<\/p>\n<p><img loading=\"lazy\" decoding=\"async\" class=\"alignnone wp-image-4730 size-page\" src=\"http:\/\/www.car-shooters.com\/wp-content\/uploads\/2016\/09\/CAR_SHOOTERS_PORSCHE_911_TARGA_STORICA_40-990x659.jpg\" alt=\"CAR_SHOOTERS_PORSCHE_911_TARGA_STORICA_40\" width=\"990\" height=\"659\" \/><\/p>\n<p>Notre voyage se poursuit en m\u00eame temps, l&#8217;un \u00e0 c\u00f4t\u00e9 de l&#8217;autre, berc\u00e9 par les \u00e9chos doux des deux moteurs. Nous approchons Villa Torre il Palagio, bel emplacement pour les \u00e9v\u00e9nements qui surplombe le lac de Bilancino, construit en 1427 et restaur\u00e9 au XIXe si\u00e8cle. Gar\u00e9es les Porsche 911 Targa dans l&#8217;espace en face de la Villa, je peux enfin parler avec Paola de sa &#8220;Giallina&#8221;.<\/p>\n<p><img loading=\"lazy\" decoding=\"async\" class=\"alignnone wp-image-4705 size-page\" src=\"http:\/\/www.car-shooters.com\/wp-content\/uploads\/2016\/09\/CAR_SHOOTERS_PORSCHE_911_TARGA_STORICA_15-990x659.jpg\" alt=\"CAR_SHOOTERS_PORSCHE_911_TARGA_STORICA_15\" width=\"990\" height=\"659\" \/><img loading=\"lazy\" decoding=\"async\" class=\"alignnone wp-image-4727 size-page\" src=\"http:\/\/www.car-shooters.com\/wp-content\/uploads\/2016\/09\/CAR_SHOOTERS_PORSCHE_911_TARGA_STORICA_37-990x659.jpg\" alt=\"CAR_SHOOTERS_PORSCHE_911_TARGA_STORICA_37\" width=\"990\" height=\"659\" \/><img loading=\"lazy\" decoding=\"async\" class=\"alignnone wp-image-4718 size-full\" src=\"http:\/\/www.car-shooters.com\/wp-content\/uploads\/2016\/09\/CAR_SHOOTERS_PORSCHE_911_TARGA_STORICA_28.jpg\" alt=\"CAR_SHOOTERS_PORSCHE_911_TARGA_STORICA_28\" width=\"1920\" height=\"1278\" \/><\/p>\n<p><img loading=\"lazy\" decoding=\"async\" class=\"alignnone wp-image-4720 size-page\" src=\"http:\/\/www.car-shooters.com\/wp-content\/uploads\/2016\/09\/CAR_SHOOTERS_PORSCHE_911_TARGA_STORICA_30-990x659.jpg\" alt=\"CAR_SHOOTERS_PORSCHE_911_TARGA_STORICA_30\" width=\"990\" height=\"659\" \/><\/p>\n<p>Paola, comme d\u00e9j\u00e0 mentionn\u00e9, est une vraie passionn\u00e9e de la marque Porsche et a conduit toute Porsche 911: de 912 \u00e0 GT3, puis Turbo, RS et 959. Son monde a commenc\u00e9 \u00e0 se \u00ab\u00a0colorier\u00a0\u00bb en jaune dans la fin des ann\u00e9es 90, avec l&#8217;achat d&#8217;un autre 3.2 Targa de 1989. Avec le temps, ele a d\u00e9cid\u00e9 de vendre ce mod\u00e8le et ensuite acheter la 911 Targa qui poss\u00e8de maintenant.<\/p>\n<p><img loading=\"lazy\" decoding=\"async\" class=\"alignnone wp-image-4728 size-page\" src=\"http:\/\/www.car-shooters.com\/wp-content\/uploads\/2016\/09\/CAR_SHOOTERS_PORSCHE_911_TARGA_STORICA_38-990x659.jpg\" alt=\"CAR_SHOOTERS_PORSCHE_911_TARGA_STORICA_38\" width=\"990\" height=\"659\" \/><img loading=\"lazy\" decoding=\"async\" class=\"alignnone wp-image-4723 size-page\" src=\"http:\/\/www.car-shooters.com\/wp-content\/uploads\/2016\/09\/CAR_SHOOTERS_PORSCHE_911_TARGA_STORICA_33-990x659.jpg\" alt=\"CAR_SHOOTERS_PORSCHE_911_TARGA_STORICA_33\" width=\"990\" height=\"659\" \/><img loading=\"lazy\" decoding=\"async\" class=\"alignnone wp-image-4729 size-page\" src=\"http:\/\/www.car-shooters.com\/wp-content\/uploads\/2016\/09\/CAR_SHOOTERS_PORSCHE_911_TARGA_STORICA_39-990x659.jpg\" alt=\"CAR_SHOOTERS_PORSCHE_911_TARGA_STORICA_39\" width=\"990\" height=\"659\" \/><\/p>\n<p>Ses travaux de recherche se sont arr\u00eat\u00e9s dans un vendeur multi-marques \u00e0 Pistoia o\u00f9 la &#8220;Giallina&#8221; reposait attendant une restauration que Paola a mis en \u0153uvre avec soin et attention. Elle me dit que chaque fois que elle sente le besoin d&#8217;un vrai sentiment, pur, non filtr\u00e9 ne peut pas que allumer le moteur de sa 911 T Targa. Comment ne pas la comprendre! Et s\u00fbrement elle n\u2019a pas manqu\u00e9 ces occasions! Elle a maintenant parcouru plus de 25.000 km avec la &#8220;Jaune&#8221; dans toute l&#8217;Italie et au-del\u00e0, en prenant part \u00e0 de nombreux rassemblements organis\u00e9s par le Registre Italien Porsche 911 et 912. Pourtant, la beaut\u00e9 et l&#8217;attention aux d\u00e9tails est toujours impeccable.<\/p>\n<p><img loading=\"lazy\" decoding=\"async\" class=\"alignnone wp-image-4732 size-page\" src=\"http:\/\/www.car-shooters.com\/wp-content\/uploads\/2016\/09\/CAR_SHOOTERS_PORSCHE_911_TARGA_STORICA_42-990x659.jpg\" alt=\"CAR_SHOOTERS_PORSCHE_911_TARGA_STORICA_42\" width=\"990\" height=\"659\" \/><img loading=\"lazy\" decoding=\"async\" class=\"alignnone wp-image-4735 size-page\" src=\"http:\/\/www.car-shooters.com\/wp-content\/uploads\/2016\/09\/CAR_SHOOTERS_PORSCHE_911_TARGA_STORICA_45-990x659.jpg\" alt=\"CAR_SHOOTERS_PORSCHE_911_TARGA_STORICA_45\" width=\"990\" height=\"659\" \/><img loading=\"lazy\" decoding=\"async\" class=\"alignnone wp-image-4737 size-page\" src=\"http:\/\/www.car-shooters.com\/wp-content\/uploads\/2016\/09\/CAR_SHOOTERS_PORSCHE_911_TARGA_STORICA_47-990x659.jpg\" alt=\"CAR_SHOOTERS_PORSCHE_911_TARGA_STORICA_47\" width=\"990\" height=\"659\" \/><\/p>\n<p>Sur la rive du lac di Bilancino j\u2019admire ces \u0153uvres d&#8217;art de deux \u00e9poques diff\u00e9rentes, comme le soleil se couche dans cette soir\u00e9e d&#8217;\u00e9t\u00e9 et nous faisons un dernier tour avant de nous dire au revoir, en remerciant Paola pour rendre possible un r\u00eave de l&#8217;apr\u00e8s-midi pour un passionn\u00e9 comme moi.<\/p>\n<p><img loading=\"lazy\" decoding=\"async\" class=\"alignnone wp-image-4740 size-page\" src=\"http:\/\/www.car-shooters.com\/wp-content\/uploads\/2016\/09\/CAR_SHOOTERS_PORSCHE_911_TARGA_STORICA_50-990x659.jpg\" alt=\"CAR_SHOOTERS_PORSCHE_911_TARGA_STORICA_50\" width=\"990\" height=\"659\" \/><\/p>\n<p><img loading=\"lazy\" decoding=\"async\" class=\"alignnone wp-image-4694 size-page\" src=\"http:\/\/www.car-shooters.com\/wp-content\/uploads\/2016\/09\/CAR_SHOOTERS_PORSCHE_911_TARGA_STORICA_4-990x659.jpg\" alt=\"CAR_SHOOTERS_PORSCHE_911_TARGA_STORICA_4\" width=\"990\" height=\"659\" \/><\/p>\n<p>&nbsp;<\/p>\n<p><b>Testo:<\/b> <i>Edoardo Mascalchi<\/i><\/p>\n<p><b>Foto:<\/b>\u00a0<i>Edoardo Mascalchi, Francesco Giovannini, Leonardo Biserni<\/i><\/p>\n<p>&nbsp;<\/p>\n<p><iframe loading=\"lazy\" style=\"border: 0;\" src=\"https:\/\/www.google.com\/maps\/embed?pb=!1m28!1m12!1m3!1d45911.33422697153!2d11.226358163021278!3d44.01192120218819!2m3!1f0!2f0!3f0!3m2!1i1024!2i768!4f13.1!4m13!3e6!4m5!1s0x132ae3b0b63a4149%3A0x245aefc05ceee4f4!2sVia+di+Panna%2C+26%2C+50038+Barberino+di+Mugello+FI!3m2!1d44.0430616!2d11.2873276!4m5!1s0x132afb46bcfb4e7f%3A0xe867362ce0ea1e6a!2sVilla+Torre+Palagio%2C+Via+del+Torracchione%2C+8%2C+Cavallina%2C+Barberino+di+Mugello+FI!3m2!1d43.9814131!2d11.2394161!5e0!3m2!1sit!2sit!4v1474124670434\" width=\"990\" height=\"450\" frameborder=\"0\" allowfullscreen=\"allowfullscreen\"><\/iframe><\/p>\n<p>&nbsp;<\/p>\n<p><b>Bonus images:<\/b><\/p>\n<div id='gallery-1' class='gallery galleryid-4748 gallery-columns-3 gallery-size-index-thumb'><figure class='gallery-item'>\n\t\t\t<div class='gallery-icon landscape'>\n\t\t\t\t<img loading=\"lazy\" decoding=\"async\" width=\"360\" height=\"240\" src=\"https:\/\/www.car-shooters.com\/wp-content\/uploads\/2016\/09\/CAR_SHOOTERS_PORSCHE_911_TARGA_STORICA_13-360x240.jpg\" class=\"attachment-index-thumb size-index-thumb\" alt=\"\" \/>\n\t\t\t<\/div><\/figure><figure class='gallery-item'>\n\t\t\t<div class='gallery-icon landscape'>\n\t\t\t\t<img loading=\"lazy\" decoding=\"async\" width=\"360\" height=\"240\" src=\"https:\/\/www.car-shooters.com\/wp-content\/uploads\/2016\/09\/CAR_SHOOTERS_PORSCHE_911_TARGA_STORICA_8-360x240.jpg\" class=\"attachment-index-thumb size-index-thumb\" alt=\"\" \/>\n\t\t\t<\/div><\/figure><figure class='gallery-item'>\n\t\t\t<div class='gallery-icon landscape'>\n\t\t\t\t<img loading=\"lazy\" decoding=\"async\" width=\"360\" height=\"240\" src=\"https:\/\/www.car-shooters.com\/wp-content\/uploads\/2016\/09\/CAR_SHOOTERS_PORSCHE_911_TARGA_STORICA_10-360x240.jpg\" class=\"attachment-index-thumb size-index-thumb\" alt=\"\" \/>\n\t\t\t<\/div><\/figure><figure class='gallery-item'>\n\t\t\t<div class='gallery-icon landscape'>\n\t\t\t\t<img loading=\"lazy\" decoding=\"async\" width=\"360\" height=\"240\" src=\"https:\/\/www.car-shooters.com\/wp-content\/uploads\/2016\/09\/CAR_SHOOTERS_PORSCHE_911_TARGA_STORICA_7-360x240.jpg\" class=\"attachment-index-thumb size-index-thumb\" alt=\"\" \/>\n\t\t\t<\/div><\/figure><figure class='gallery-item'>\n\t\t\t<div class='gallery-icon landscape'>\n\t\t\t\t<img loading=\"lazy\" decoding=\"async\" width=\"360\" height=\"240\" src=\"https:\/\/www.car-shooters.com\/wp-content\/uploads\/2016\/09\/CAR_SHOOTERS_PORSCHE_911_TARGA_STORICA_49-360x240.jpg\" class=\"attachment-index-thumb size-index-thumb\" alt=\"\" \/>\n\t\t\t<\/div><\/figure><figure class='gallery-item'>\n\t\t\t<div class='gallery-icon landscape'>\n\t\t\t\t<img loading=\"lazy\" decoding=\"async\" width=\"360\" height=\"240\" src=\"https:\/\/www.car-shooters.com\/wp-content\/uploads\/2016\/09\/CAR_SHOOTERS_PORSCHE_911_TARGA_STORICA_48-360x240.jpg\" class=\"attachment-index-thumb size-index-thumb\" alt=\"\" \/>\n\t\t\t<\/div><\/figure><figure class='gallery-item'>\n\t\t\t<div class='gallery-icon landscape'>\n\t\t\t\t<img loading=\"lazy\" decoding=\"async\" width=\"360\" height=\"240\" src=\"https:\/\/www.car-shooters.com\/wp-content\/uploads\/2016\/09\/CAR_SHOOTERS_PORSCHE_911_TARGA_STORICA_46-360x240.jpg\" class=\"attachment-index-thumb size-index-thumb\" alt=\"\" \/>\n\t\t\t<\/div><\/figure><figure class='gallery-item'>\n\t\t\t<div class='gallery-icon landscape'>\n\t\t\t\t<img loading=\"lazy\" decoding=\"async\" width=\"360\" height=\"240\" src=\"https:\/\/www.car-shooters.com\/wp-content\/uploads\/2016\/09\/CAR_SHOOTERS_PORSCHE_911_TARGA_STORICA_24-360x240.jpg\" class=\"attachment-index-thumb size-index-thumb\" alt=\"\" \/>\n\t\t\t<\/div><\/figure><figure class='gallery-item'>\n\t\t\t<div class='gallery-icon landscape'>\n\t\t\t\t<img loading=\"lazy\" decoding=\"async\" width=\"360\" height=\"240\" src=\"https:\/\/www.car-shooters.com\/wp-content\/uploads\/2016\/09\/CAR_SHOOTERS_PORSCHE_911_TARGA_STORICA_43-360x240.jpg\" class=\"attachment-index-thumb size-index-thumb\" alt=\"\" \/>\n\t\t\t<\/div><\/figure><figure class='gallery-item'>\n\t\t\t<div class='gallery-icon landscape'>\n\t\t\t\t<img loading=\"lazy\" decoding=\"async\" width=\"360\" height=\"240\" src=\"https:\/\/www.car-shooters.com\/wp-content\/uploads\/2016\/09\/CAR_SHOOTERS_PORSCHE_911_TARGA_STORICA_34-360x240.jpg\" class=\"attachment-index-thumb size-index-thumb\" alt=\"\" \/>\n\t\t\t<\/div><\/figure><figure class='gallery-item'>\n\t\t\t<div class='gallery-icon landscape'>\n\t\t\t\t<img loading=\"lazy\" decoding=\"async\" width=\"360\" height=\"240\" src=\"https:\/\/www.car-shooters.com\/wp-content\/uploads\/2016\/09\/CAR_SHOOTERS_PORSCHE_911_TARGA_STORICA_21-360x240.jpg\" class=\"attachment-index-thumb size-index-thumb\" alt=\"\" \/>\n\t\t\t<\/div><\/figure><figure class='gallery-item'>\n\t\t\t<div class='gallery-icon landscape'>\n\t\t\t\t<img loading=\"lazy\" decoding=\"async\" width=\"360\" height=\"240\" src=\"https:\/\/www.car-shooters.com\/wp-content\/uploads\/2016\/09\/CAR_SHOOTERS_PORSCHE_911_TARGA_STORICA_32-360x240.jpg\" class=\"attachment-index-thumb size-index-thumb\" alt=\"\" \/>\n\t\t\t<\/div><\/figure><figure class='gallery-item'>\n\t\t\t<div class='gallery-icon landscape'>\n\t\t\t\t<img loading=\"lazy\" decoding=\"async\" width=\"360\" height=\"240\" src=\"https:\/\/www.car-shooters.com\/wp-content\/uploads\/2016\/09\/CAR_SHOOTERS_PORSCHE_911_TARGA_STORICA_36-360x240.jpg\" class=\"attachment-index-thumb size-index-thumb\" alt=\"\" \/>\n\t\t\t<\/div><\/figure><figure class='gallery-item'>\n\t\t\t<div class='gallery-icon landscape'>\n\t\t\t\t<img loading=\"lazy\" decoding=\"async\" width=\"360\" height=\"240\" src=\"https:\/\/www.car-shooters.com\/wp-content\/uploads\/2016\/09\/CAR_SHOOTERS_PORSCHE_911_TARGA_STORICA_41-360x240.jpg\" class=\"attachment-index-thumb size-index-thumb\" alt=\"\" \/>\n\t\t\t<\/div><\/figure><figure class='gallery-item'>\n\t\t\t<div class='gallery-icon landscape'>\n\t\t\t\t<img loading=\"lazy\" decoding=\"async\" width=\"360\" height=\"240\" src=\"https:\/\/www.car-shooters.com\/wp-content\/uploads\/2016\/09\/CAR_SHOOTERS_PORSCHE_911_TARGA_STORICA_29-360x240.jpg\" class=\"attachment-index-thumb size-index-thumb\" alt=\"\" \/>\n\t\t\t<\/div><\/figure><figure class='gallery-item'>\n\t\t\t<div class='gallery-icon landscape'>\n\t\t\t\t<img loading=\"lazy\" decoding=\"async\" width=\"360\" height=\"240\" src=\"https:\/\/www.car-shooters.com\/wp-content\/uploads\/2016\/09\/CAR_SHOOTERS_PORSCHE_911_TARGA_STORICA_31-360x240.jpg\" class=\"attachment-index-thumb size-index-thumb\" alt=\"\" \/>\n\t\t\t<\/div><\/figure><figure class='gallery-item'>\n\t\t\t<div class='gallery-icon landscape'>\n\t\t\t\t<img loading=\"lazy\" decoding=\"async\" width=\"360\" height=\"240\" src=\"https:\/\/www.car-shooters.com\/wp-content\/uploads\/2016\/09\/CAR_SHOOTERS_PORSCHE_911_TARGA_STORICA_16-360x240.jpg\" class=\"attachment-index-thumb size-index-thumb\" alt=\"\" \/>\n\t\t\t<\/div><\/figure><figure class='gallery-item'>\n\t\t\t<div class='gallery-icon landscape'>\n\t\t\t\t<img loading=\"lazy\" decoding=\"async\" width=\"360\" height=\"240\" src=\"https:\/\/www.car-shooters.com\/wp-content\/uploads\/2016\/09\/CAR_SHOOTERS_PORSCHE_911_TARGA_STORICA_44-360x240.jpg\" class=\"attachment-index-thumb size-index-thumb\" alt=\"\" \/>\n\t\t\t<\/div><\/figure><figure class='gallery-item'>\n\t\t\t<div class='gallery-icon landscape'>\n\t\t\t\t<img loading=\"lazy\" decoding=\"async\" width=\"360\" height=\"240\" src=\"https:\/\/www.car-shooters.com\/wp-content\/uploads\/2016\/09\/CAR_SHOOTERS_PORSCHE_911_TARGA_STORICA_22-360x240.jpg\" class=\"attachment-index-thumb size-index-thumb\" alt=\"\" \/>\n\t\t\t<\/div><\/figure><figure class='gallery-item'>\n\t\t\t<div class='gallery-icon landscape'>\n\t\t\t\t<img loading=\"lazy\" decoding=\"async\" width=\"360\" height=\"240\" src=\"https:\/\/www.car-shooters.com\/wp-content\/uploads\/2016\/09\/CAR_SHOOTERS_PORSCHE_911_TARGA_STORICA_17-360x240.jpg\" class=\"attachment-index-thumb size-index-thumb\" alt=\"\" \/>\n\t\t\t<\/div><\/figure><figure class='gallery-item'>\n\t\t\t<div class='gallery-icon landscape'>\n\t\t\t\t<img loading=\"lazy\" decoding=\"async\" width=\"360\" height=\"240\" src=\"https:\/\/www.car-shooters.com\/wp-content\/uploads\/2016\/09\/CAR_SHOOTERS_PORSCHE_911_TARGA_STORICA_25-360x240.jpg\" class=\"attachment-index-thumb size-index-thumb\" alt=\"\" \/>\n\t\t\t<\/div><\/figure>\n\t\t<\/div>\n\n","protected":false},"excerpt":{"rendered":"<p>Aujourd&#8217;hui est vraiment un jour sp\u00e9cial, je suis au \u201cPasso delle Croci\u201d \u00e0 bord de ce fantastique Porsche 911 Targa 4S. Vous l\u2019avez d\u00e9j\u00e0 d\u00e9couvert dans les moindres d\u00e9tails avec le test-drive Leonardo. Aujourd&#8217;hui, j&#8217;ai le plaisir de la conduire sur les m\u00eames routes pr\u00e8s du lac de Bilancino, o\u00f9 nous avons d\u00e9j\u00e0 mis posant &hellip; <a href=\"https:\/\/www.car-shooters.com\/fr\/2016\/09\/26\/porsche-911-targa-passe-et-present-dun-mythe\/\">Continued<\/a><\/p>\n","protected":false},"author":1,"featured_media":4819,"comment_status":"closed","ping_status":"closed","sticky":false,"template":"","format":"standard","meta":{"_monsterinsights_skip_tracking":false,"_monsterinsights_sitenote_active":false,"_monsterinsights_sitenote_note":"","_monsterinsights_sitenote_category":0,"footnotes":""},"categories":[279],"tags":[],"class_list":["post-4748","post","type-post","status-publish","format-standard","has-post-thumbnail","hentry","category-featured-fr"],"yoast_head":"<!-- This site is optimized with the Yoast SEO plugin v24.4 - https:\/\/yoast.com\/wordpress\/plugins\/seo\/ -->\n<title>PORSCHE 911 TARGA: Pass\u00e9 et pr\u00e9sent d&#039;un mythe | Car - Shooters<\/title>\n<meta name=\"robots\" content=\"index, follow, max-snippet:-1, max-image-preview:large, max-video-preview:-1\" \/>\n<link rel=\"canonical\" href=\"https:\/\/www.car-shooters.com\/fr\/2016\/09\/26\/porsche-911-targa-passe-et-present-dun-mythe\/\" \/>\n<meta property=\"og:locale\" content=\"fr_FR\" \/>\n<meta property=\"og:type\" content=\"article\" \/>\n<meta property=\"og:title\" content=\"PORSCHE 911 TARGA: Pass\u00e9 et pr\u00e9sent d&#039;un mythe | Car - Shooters\" \/>\n<meta property=\"og:description\" content=\"Aujourd&#8217;hui est vraiment un jour sp\u00e9cial, je suis au \u201cPasso delle Croci\u201d \u00e0 bord de ce fantastique Porsche 911 Targa 4S. Vous l\u2019avez d\u00e9j\u00e0 d\u00e9couvert dans les moindres d\u00e9tails avec le test-drive Leonardo. Aujourd&#8217;hui, j&#8217;ai le plaisir de la conduire sur les m\u00eames routes pr\u00e8s du lac de Bilancino, o\u00f9 nous avons d\u00e9j\u00e0 mis posant &hellip; Continued\" \/>\n<meta property=\"og:url\" content=\"https:\/\/www.car-shooters.com\/fr\/2016\/09\/26\/porsche-911-targa-passe-et-present-dun-mythe\/\" \/>\n<meta property=\"og:site_name\" content=\"Car - Shooters\" \/>\n<meta property=\"article:publisher\" content=\"https:\/\/www.facebook.com\/carshooters\" \/>\n<meta property=\"article:published_time\" content=\"2016-09-26T13:42:49+00:00\" \/>\n<meta property=\"article:modified_time\" content=\"2016-09-26T13:51:32+00:00\" \/>\n<meta property=\"og:image\" content=\"https:\/\/www.car-shooters.com\/wp-content\/uploads\/2016\/09\/E4M1275-3.jpg\" \/>\n\t<meta property=\"og:image:width\" content=\"1920\" \/>\n\t<meta property=\"og:image:height\" content=\"1280\" \/>\n\t<meta property=\"og:image:type\" content=\"image\/jpeg\" \/>\n<meta name=\"author\" content=\"Edoardo Mascalchi\" \/>\n<meta name=\"twitter:card\" content=\"summary_large_image\" \/>\n<meta name=\"twitter:creator\" content=\"@Car_Shooters\" \/>\n<meta name=\"twitter:site\" content=\"@Car_Shooters\" \/>\n<meta name=\"twitter:label1\" content=\"Written by\" \/>\n\t<meta name=\"twitter:data1\" content=\"Edoardo Mascalchi\" \/>\n\t<meta name=\"twitter:label2\" content=\"Est. reading time\" \/>\n\t<meta name=\"twitter:data2\" content=\"5 minutes\" \/>\n<script type=\"application\/ld+json\" class=\"yoast-schema-graph\">{\"@context\":\"https:\/\/schema.org\",\"@graph\":[{\"@type\":\"WebPage\",\"@id\":\"https:\/\/www.car-shooters.com\/fr\/2016\/09\/26\/porsche-911-targa-passe-et-present-dun-mythe\/\",\"url\":\"https:\/\/www.car-shooters.com\/fr\/2016\/09\/26\/porsche-911-targa-passe-et-present-dun-mythe\/\",\"name\":\"PORSCHE 911 TARGA: Pass\u00e9 et pr\u00e9sent d'un mythe | Car - Shooters\",\"isPartOf\":{\"@id\":\"https:\/\/www.car-shooters.com\/en\/#website\"},\"primaryImageOfPage\":{\"@id\":\"https:\/\/www.car-shooters.com\/fr\/2016\/09\/26\/porsche-911-targa-passe-et-present-dun-mythe\/#primaryimage\"},\"image\":{\"@id\":\"https:\/\/www.car-shooters.com\/fr\/2016\/09\/26\/porsche-911-targa-passe-et-present-dun-mythe\/#primaryimage\"},\"thumbnailUrl\":\"https:\/\/www.car-shooters.com\/wp-content\/uploads\/2016\/09\/E4M1275-3.jpg\",\"datePublished\":\"2016-09-26T13:42:49+00:00\",\"dateModified\":\"2016-09-26T13:51:32+00:00\",\"author\":{\"@id\":\"https:\/\/www.car-shooters.com\/en\/#\/schema\/person\/724c222d4f54a294e9a3c9215b18513e\"},\"breadcrumb\":{\"@id\":\"https:\/\/www.car-shooters.com\/fr\/2016\/09\/26\/porsche-911-targa-passe-et-present-dun-mythe\/#breadcrumb\"},\"inLanguage\":\"fr-FR\",\"potentialAction\":[{\"@type\":\"ReadAction\",\"target\":[\"https:\/\/www.car-shooters.com\/fr\/2016\/09\/26\/porsche-911-targa-passe-et-present-dun-mythe\/\"]}]},{\"@type\":\"ImageObject\",\"inLanguage\":\"fr-FR\",\"@id\":\"https:\/\/www.car-shooters.com\/fr\/2016\/09\/26\/porsche-911-targa-passe-et-present-dun-mythe\/#primaryimage\",\"url\":\"https:\/\/www.car-shooters.com\/wp-content\/uploads\/2016\/09\/E4M1275-3.jpg\",\"contentUrl\":\"https:\/\/www.car-shooters.com\/wp-content\/uploads\/2016\/09\/E4M1275-3.jpg\",\"width\":1920,\"height\":1280},{\"@type\":\"BreadcrumbList\",\"@id\":\"https:\/\/www.car-shooters.com\/fr\/2016\/09\/26\/porsche-911-targa-passe-et-present-dun-mythe\/#breadcrumb\",\"itemListElement\":[{\"@type\":\"ListItem\",\"position\":1,\"name\":\"Home\",\"item\":\"https:\/\/www.car-shooters.com\/fr\/\"},{\"@type\":\"ListItem\",\"position\":2,\"name\":\"PORSCHE 911 TARGA: Pass\u00e9 et pr\u00e9sent d&#8217;un mythe\"}]},{\"@type\":\"WebSite\",\"@id\":\"https:\/\/www.car-shooters.com\/en\/#website\",\"url\":\"https:\/\/www.car-shooters.com\/en\/\",\"name\":\"Car - Shooters\",\"description\":\"Belles voitures et paysages spectaculaires\",\"potentialAction\":[{\"@type\":\"SearchAction\",\"target\":{\"@type\":\"EntryPoint\",\"urlTemplate\":\"https:\/\/www.car-shooters.com\/en\/?s={search_term_string}\"},\"query-input\":{\"@type\":\"PropertyValueSpecification\",\"valueRequired\":true,\"valueName\":\"search_term_string\"}}],\"inLanguage\":\"fr-FR\"},{\"@type\":\"Person\",\"@id\":\"https:\/\/www.car-shooters.com\/en\/#\/schema\/person\/724c222d4f54a294e9a3c9215b18513e\",\"name\":\"Edoardo Mascalchi\",\"image\":{\"@type\":\"ImageObject\",\"inLanguage\":\"fr-FR\",\"@id\":\"https:\/\/www.car-shooters.com\/en\/#\/schema\/person\/image\/\",\"url\":\"https:\/\/secure.gravatar.com\/avatar\/630e3e904571fd05cbd5e16ba5d77db9?s=96&d=mm&r=g\",\"contentUrl\":\"https:\/\/secure.gravatar.com\/avatar\/630e3e904571fd05cbd5e16ba5d77db9?s=96&d=mm&r=g\",\"caption\":\"Edoardo Mascalchi\"},\"sameAs\":[\"http:\/\/www.edoardomascalchi.it\"]}]}<\/script>\n<!-- \/ Yoast SEO plugin. -->","yoast_head_json":{"title":"PORSCHE 911 TARGA: Pass\u00e9 et pr\u00e9sent d'un mythe | Car - Shooters","robots":{"index":"index","follow":"follow","max-snippet":"max-snippet:-1","max-image-preview":"max-image-preview:large","max-video-preview":"max-video-preview:-1"},"canonical":"https:\/\/www.car-shooters.com\/fr\/2016\/09\/26\/porsche-911-targa-passe-et-present-dun-mythe\/","og_locale":"fr_FR","og_type":"article","og_title":"PORSCHE 911 TARGA: Pass\u00e9 et pr\u00e9sent d'un mythe | Car - Shooters","og_description":"Aujourd&#8217;hui est vraiment un jour sp\u00e9cial, je suis au \u201cPasso delle Croci\u201d \u00e0 bord de ce fantastique Porsche 911 Targa 4S. Vous l\u2019avez d\u00e9j\u00e0 d\u00e9couvert dans les moindres d\u00e9tails avec le test-drive Leonardo. Aujourd&#8217;hui, j&#8217;ai le plaisir de la conduire sur les m\u00eames routes pr\u00e8s du lac de Bilancino, o\u00f9 nous avons d\u00e9j\u00e0 mis posant &hellip; Continued","og_url":"https:\/\/www.car-shooters.com\/fr\/2016\/09\/26\/porsche-911-targa-passe-et-present-dun-mythe\/","og_site_name":"Car - Shooters","article_publisher":"https:\/\/www.facebook.com\/carshooters","article_published_time":"2016-09-26T13:42:49+00:00","article_modified_time":"2016-09-26T13:51:32+00:00","og_image":[{"width":1920,"height":1280,"url":"https:\/\/www.car-shooters.com\/wp-content\/uploads\/2016\/09\/E4M1275-3.jpg","type":"image\/jpeg"}],"author":"Edoardo Mascalchi","twitter_card":"summary_large_image","twitter_creator":"@Car_Shooters","twitter_site":"@Car_Shooters","twitter_misc":{"Written by":"Edoardo Mascalchi","Est. reading time":"5 minutes"},"schema":{"@context":"https:\/\/schema.org","@graph":[{"@type":"WebPage","@id":"https:\/\/www.car-shooters.com\/fr\/2016\/09\/26\/porsche-911-targa-passe-et-present-dun-mythe\/","url":"https:\/\/www.car-shooters.com\/fr\/2016\/09\/26\/porsche-911-targa-passe-et-present-dun-mythe\/","name":"PORSCHE 911 TARGA: Pass\u00e9 et pr\u00e9sent d'un mythe | Car - Shooters","isPartOf":{"@id":"https:\/\/www.car-shooters.com\/en\/#website"},"primaryImageOfPage":{"@id":"https:\/\/www.car-shooters.com\/fr\/2016\/09\/26\/porsche-911-targa-passe-et-present-dun-mythe\/#primaryimage"},"image":{"@id":"https:\/\/www.car-shooters.com\/fr\/2016\/09\/26\/porsche-911-targa-passe-et-present-dun-mythe\/#primaryimage"},"thumbnailUrl":"https:\/\/www.car-shooters.com\/wp-content\/uploads\/2016\/09\/E4M1275-3.jpg","datePublished":"2016-09-26T13:42:49+00:00","dateModified":"2016-09-26T13:51:32+00:00","author":{"@id":"https:\/\/www.car-shooters.com\/en\/#\/schema\/person\/724c222d4f54a294e9a3c9215b18513e"},"breadcrumb":{"@id":"https:\/\/www.car-shooters.com\/fr\/2016\/09\/26\/porsche-911-targa-passe-et-present-dun-mythe\/#breadcrumb"},"inLanguage":"fr-FR","potentialAction":[{"@type":"ReadAction","target":["https:\/\/www.car-shooters.com\/fr\/2016\/09\/26\/porsche-911-targa-passe-et-present-dun-mythe\/"]}]},{"@type":"ImageObject","inLanguage":"fr-FR","@id":"https:\/\/www.car-shooters.com\/fr\/2016\/09\/26\/porsche-911-targa-passe-et-present-dun-mythe\/#primaryimage","url":"https:\/\/www.car-shooters.com\/wp-content\/uploads\/2016\/09\/E4M1275-3.jpg","contentUrl":"https:\/\/www.car-shooters.com\/wp-content\/uploads\/2016\/09\/E4M1275-3.jpg","width":1920,"height":1280},{"@type":"BreadcrumbList","@id":"https:\/\/www.car-shooters.com\/fr\/2016\/09\/26\/porsche-911-targa-passe-et-present-dun-mythe\/#breadcrumb","itemListElement":[{"@type":"ListItem","position":1,"name":"Home","item":"https:\/\/www.car-shooters.com\/fr\/"},{"@type":"ListItem","position":2,"name":"PORSCHE 911 TARGA: Pass\u00e9 et pr\u00e9sent d&#8217;un mythe"}]},{"@type":"WebSite","@id":"https:\/\/www.car-shooters.com\/en\/#website","url":"https:\/\/www.car-shooters.com\/en\/","name":"Car - Shooters","description":"Belles voitures et paysages spectaculaires","potentialAction":[{"@type":"SearchAction","target":{"@type":"EntryPoint","urlTemplate":"https:\/\/www.car-shooters.com\/en\/?s={search_term_string}"},"query-input":{"@type":"PropertyValueSpecification","valueRequired":true,"valueName":"search_term_string"}}],"inLanguage":"fr-FR"},{"@type":"Person","@id":"https:\/\/www.car-shooters.com\/en\/#\/schema\/person\/724c222d4f54a294e9a3c9215b18513e","name":"Edoardo Mascalchi","image":{"@type":"ImageObject","inLanguage":"fr-FR","@id":"https:\/\/www.car-shooters.com\/en\/#\/schema\/person\/image\/","url":"https:\/\/secure.gravatar.com\/avatar\/630e3e904571fd05cbd5e16ba5d77db9?s=96&d=mm&r=g","contentUrl":"https:\/\/secure.gravatar.com\/avatar\/630e3e904571fd05cbd5e16ba5d77db9?s=96&d=mm&r=g","caption":"Edoardo Mascalchi"},"sameAs":["http:\/\/www.edoardomascalchi.it"]}]}},"_links":{"self":[{"href":"https:\/\/www.car-shooters.com\/fr\/wp-json\/wp\/v2\/posts\/4748","targetHints":{"allow":["GET"]}}],"collection":[{"href":"https:\/\/www.car-shooters.com\/fr\/wp-json\/wp\/v2\/posts"}],"about":[{"href":"https:\/\/www.car-shooters.com\/fr\/wp-json\/wp\/v2\/types\/post"}],"author":[{"embeddable":true,"href":"https:\/\/www.car-shooters.com\/fr\/wp-json\/wp\/v2\/users\/1"}],"replies":[{"embeddable":true,"href":"https:\/\/www.car-shooters.com\/fr\/wp-json\/wp\/v2\/comments?post=4748"}],"version-history":[{"count":4,"href":"https:\/\/www.car-shooters.com\/fr\/wp-json\/wp\/v2\/posts\/4748\/revisions"}],"predecessor-version":[{"id":4925,"href":"https:\/\/www.car-shooters.com\/fr\/wp-json\/wp\/v2\/posts\/4748\/revisions\/4925"}],"wp:featuredmedia":[{"embeddable":true,"href":"https:\/\/www.car-shooters.com\/fr\/wp-json\/wp\/v2\/media\/4819"}],"wp:attachment":[{"href":"https:\/\/www.car-shooters.com\/fr\/wp-json\/wp\/v2\/media?parent=4748"}],"wp:term":[{"taxonomy":"category","embeddable":true,"href":"https:\/\/www.car-shooters.com\/fr\/wp-json\/wp\/v2\/categories?post=4748"},{"taxonomy":"post_tag","embeddable":true,"href":"https:\/\/www.car-shooters.com\/fr\/wp-json\/wp\/v2\/tags?post=4748"}],"curies":[{"name":"wp","href":"https:\/\/api.w.org\/{rel}","templated":true}]}}