{"id":2728,"date":"2015-09-29T17:28:50","date_gmt":"2015-09-29T15:28:50","guid":{"rendered":"http:\/\/www.car-shooters.com\/?p=2728"},"modified":"2016-09-26T15:08:38","modified_gmt":"2016-09-26T13:08:38","slug":"italian-bimmerfest-2015","status":"publish","type":"post","link":"https:\/\/www.car-shooters.com\/fr\/2015\/09\/29\/italian-bimmerfest-2015\/","title":{"rendered":"ITALIAN BIMMERFEST 2015"},"content":{"rendered":"<p>27.09.2015. L&#8217;Autodrome de Modena se pr\u00e9pare \u00e0 accueillir la sixi\u00e8me\u00a0\u00e9dition du plus grand rassemblement de BMW italiennes, le Bimmerfest. Cet \u00e9v\u00e9nement, n\u00e9 presque comme un rassemblement d&#8217;amis en 2010, est venu \u00e0 compter plus de 300 participants l&#8217;an dernier. Il est ouvert \u00e0 tous les d\u00e9tenteurs d&#8217;une voiture de la maison bavaroise, qui est inscrit dans un club, les forums ou m\u00eame les amateurs.<\/p>\n<p><img loading=\"lazy\" decoding=\"async\" class=\"alignnone wp-image-2707 size-full\" src=\"http:\/\/www.car-shooters.com\/wp-content\/uploads\/2015\/09\/CAR_SHOOTERS_ITALIAN_BIMMERFEST_21.jpg\" alt=\"italian bimmerfest bmw\" width=\"690\" height=\"459\" \/><\/p>\n<p><img loading=\"lazy\" decoding=\"async\" class=\"alignnone wp-image-2714 size-full\" src=\"http:\/\/www.car-shooters.com\/wp-content\/uploads\/2015\/09\/CAR_SHOOTERS_ITALIAN_BIMMERFEST_28.jpg\" alt=\"italian bimmerfest bmw\" width=\"690\" height=\"459\" \/><\/p>\n<p>Vu que moi je poss\u00e8de une <a href=\"https:\/\/www.car-shooters.com\/fr\/2015\/04\/27\/oldcarshooters-bmw-5206-e12\/\">BMW 520 E12<\/a> du 1980, nous avons d\u00e9cid\u00e9 de participer soit en tant que membres soit en tant que partenaires de l&#8217;\u00e9v\u00e9nement. Une bonne quantit\u00e9 de kilom\u00e8tres nous s\u00e9parent de l&#8217;Autodrome de Modena. Nous commen\u00e7ons t\u00f4t le matin, gr\u00e2ce \u00e0 Marco Danieli, qui poss\u00e8de \u00e9galement une\u00a0 520 E12 presque comme la mienne, qui a tr\u00e8s gentiment propos\u00e9 de me garder une place.<\/p>\n<p><img loading=\"lazy\" decoding=\"async\" class=\"alignnone wp-image-2708 size-full\" src=\"http:\/\/www.car-shooters.com\/wp-content\/uploads\/2015\/09\/CAR_SHOOTERS_ITALIAN_BIMMERFEST_22.jpg\" alt=\"italian bimmerfest bmw\" width=\"690\" height=\"459\" \/><\/p>\n<p>Malgr\u00e9 la distance, notre voiture nous am\u00e8ne \u00e0 la destination rapidement et sans aucun probl\u00e8me. Pay\u00e9 la modique somme de 5 \u20ac pour entrer dans le rallye, je gagne ma place, \u00e0 c\u00f4t\u00e9 d\u2019autres BMW classiques du BMW Youngtimer Club Italia. Il y a beaucoup de propri\u00e9taires membres du club, parce que celui l\u00e0 est le plus grand club en Italie de BMW historiques, reconnu aussi officiellement par BMW.<\/p>\n<p><img loading=\"lazy\" decoding=\"async\" class=\"alignnone wp-image-2709 size-full\" src=\"http:\/\/www.car-shooters.com\/wp-content\/uploads\/2015\/09\/CAR_SHOOTERS_ITALIAN_BIMMERFEST_23.jpg\" alt=\"italian bimmerfest bmw\" width=\"690\" height=\"459\" \/><\/p>\n<p><img loading=\"lazy\" decoding=\"async\" class=\"alignnone wp-image-2716 size-full\" src=\"http:\/\/www.car-shooters.com\/wp-content\/uploads\/2015\/09\/CAR_SHOOTERS_ITALIAN_BIMMERFEST_30.jpg\" alt=\"italian bimmerfest bmw\" width=\"690\" height=\"459\" \/><\/p>\n<p>Il y a plusieurs initiatives qui sont propos\u00e9es aux membres, parmi lesquelles il faut citer le merveilleux parcours du \u00ab\u00a0Dolomitico\u00a0\u00bb auquel\u00a0 nous regrettons beaucoup de n\u2019avoir pas pu participer. La journ\u00e9e offre non seulement le spectacle des voitures, il y a aussi des diverses activit\u00e9s. Nous d\u00e9cidons d&#8217;essayer la course de r\u00e9gularit\u00e9 de la BMW 135, fourni par le BMW Italia sur une piste entre des c\u00f4nes dans le paddock.<\/p>\n<p><img loading=\"lazy\" decoding=\"async\" class=\"alignnone wp-image-2690 size-full\" src=\"http:\/\/www.car-shooters.com\/wp-content\/uploads\/2015\/09\/CAR_SHOOTERS_ITALIAN_BIMMERFEST_4.jpg\" alt=\"italian bimmerfest bmw 135m\" width=\"690\" height=\"459\" \/><\/p>\n<p>Initiative vraiment amusante, surtout pour la possibilit\u00e9 de tester le produit phare de la s\u00e9rie 1. Certainement agile et agr\u00e9able \u00e0 conduire gr\u00e2ce \u00e0 la propulsion arri\u00e8re, unique dans sa cat\u00e9gorie. Assiette plat, malgr\u00e9 le chemin tortueux elle se d\u00e9place avec une agilit\u00e9 remarquable, aid\u00e9e par l&#8217;excellente transmission automatique qui est d\u00e9nu\u00e9e d&#8217;incertitudes.<\/p>\n<p><img loading=\"lazy\" decoding=\"async\" class=\"alignnone wp-image-2691 size-full\" src=\"http:\/\/www.car-shooters.com\/wp-content\/uploads\/2015\/09\/CAR_SHOOTERS_ITALIAN_BIMMERFEST_5.jpg\" alt=\"italian bimmerfest bmw 135m\" width=\"690\" height=\"459\" \/><\/p>\n<p>Belle aussi l&#8217;id\u00e9e de faire conna\u00eetre ce sport. Tr\u00e8s peu connaissent les courses de r\u00e9gularit\u00e9, mais elles sont une excellente moyenne de se rapprocher aux quatre roues dans un contexte relax\u00e9 mais stimulant. Les plus sportifs et audacieux ont pu essayer la piste. On pouvait r\u00e9server une place pour les activit\u00e9s en piste divis\u00e9es par th\u00e8me \u00e0 bord de notre voiture.<\/p>\n<p><img loading=\"lazy\" decoding=\"async\" class=\"alignnone wp-image-2689 size-full\" src=\"http:\/\/www.car-shooters.com\/wp-content\/uploads\/2015\/09\/CAR_SHOOTERS_ITALIAN_BIMMERFEST_3.jpg\" alt=\"italian bimmerfest bmw m4\" width=\"690\" height=\"459\" \/><\/p>\n<p>Pr\u00e9f\u00e9rant ne pas trop insister sur la m\u00e9canique de ma 520, qui poss\u00e8de ses ann\u00e9es, nous arrivons d&#8217;une mani\u00e8re diff\u00e9rente, certainement plus excitant. BMW Driving Experience \u00e9tait pr\u00e9sente \u00e0 l&#8217;\u00e9v\u00e9nement avec la BMW M4 et nous avons d\u00e9cid\u00e9 d&#8217;envoyer notre ami Simone, qualifi\u00e9e sur la route, mais presque jamais \u00e9t\u00e9 en contact avec la piste.<\/p>\n<p><img loading=\"lazy\" decoding=\"async\" class=\"alignnone wp-image-2710 size-full\" src=\"http:\/\/www.car-shooters.com\/wp-content\/uploads\/2015\/09\/CAR_SHOOTERS_ITALIAN_BIMMERFEST_24.jpg\" alt=\"italian bimmerfest bmw m4\" width=\"690\" height=\"459\" \/><\/p>\n<p><img loading=\"lazy\" decoding=\"async\" class=\"alignnone wp-image-2711 size-full\" src=\"http:\/\/www.car-shooters.com\/wp-content\/uploads\/2015\/09\/CAR_SHOOTERS_ITALIAN_BIMMERFEST_25.jpg\" alt=\"italian bimmerfest bmw m4\" width=\"690\" height=\"459\" \/><\/p>\n<p><img loading=\"lazy\" decoding=\"async\" class=\"alignnone wp-image-2712 size-full\" src=\"http:\/\/www.car-shooters.com\/wp-content\/uploads\/2015\/09\/CAR_SHOOTERS_ITALIAN_BIMMERFEST_26.jpg\" alt=\"italian bimmerfest bmw m4\" width=\"690\" height=\"459\" \/><\/p>\n<p>\u00c0 la fin de ses trois tours, il rentre avec un sourire, s\u00fbr d&#8217;\u00eatre all\u00e9 \u00e0 pleine vitesse avec 430 CH, mais aussi conscient de ce qui est mauvais dans le conduite de tous les jours. Conduire de mani\u00e8re efficace et rapide sur la piste, puis retirer les roues droites, tracer la courbe avec une flottabilit\u00e9 neutre, sortie sans d\u00e9raper et progressivement sont des choses simples \u00e0 dire, mais pas \u00e0 faire. Difficile de se rapprocher de la technique de pilotage correcte sur la piste sans avoir \u00e0 c\u00f4t\u00e9 un instructeur.<\/p>\n<p><img loading=\"lazy\" decoding=\"async\" class=\"alignnone wp-image-2687 size-full\" src=\"http:\/\/www.car-shooters.com\/wp-content\/uploads\/2015\/09\/CAR_SHOOTERS_ITALIAN_BIMMERFEST_1.jpg\" alt=\"italian bimmerfest bmw m4\" width=\"690\" height=\"459\" \/><\/p>\n<p><img loading=\"lazy\" decoding=\"async\" class=\"alignnone wp-image-2688 size-full\" src=\"http:\/\/www.car-shooters.com\/wp-content\/uploads\/2015\/09\/CAR_SHOOTERS_ITALIAN_BIMMERFEST_2.jpg\" alt=\"italian bimmerfest bmw m4\" width=\"690\" height=\"459\" \/><\/p>\n<p>Le 2015 est une ann\u00e9e tr\u00e8s importante pour BMW, qui c\u00e9l\u00e8bre les 40 ans de la s\u00e9rie 3. Depuis 1975, ann\u00e9e de la sortie de la E21, (pr\u00e9sente ici avec une formidable plaque or) jusqu\u2019\u00e0 aujourd&#8217;hui, a eu bien six g\u00e9n\u00e9rations.<\/p>\n<p><img loading=\"lazy\" decoding=\"async\" class=\"alignnone wp-image-2702 size-full\" src=\"http:\/\/www.car-shooters.com\/wp-content\/uploads\/2015\/09\/CAR_SHOOTERS_ITALIAN_BIMMERFEST_16.jpg\" alt=\"italian bimmerfest bmw 40 anni serie 3\" width=\"690\" height=\"459\" \/><\/p>\n<p>Gr\u00e2ce \u00e0 la conception toujours r\u00e9ussie, au plaisir de conduite et la brillante performance, elle a contribu\u00e9 au succ\u00e8s de la marque allemande, constituant la meilleure vente et la plus r\u00e9ussie ensemble la s\u00e9rie 5. Pour f\u00eater l&#8217;\u00e9v\u00e9nement, nous d\u00e9cidons de s\u00e9lectionner un coup\u00e9 par g\u00e9n\u00e9ration. Faisant un tour dans le paddock, on rassemble de la E21 \u00e0 la F32, choisies parmi \u00e0 notre avis les mieux conserv\u00e9es.<\/p>\n<p><img loading=\"lazy\" decoding=\"async\" class=\"alignnone wp-image-2692 size-full\" src=\"http:\/\/www.car-shooters.com\/wp-content\/uploads\/2015\/09\/CAR_SHOOTERS_ITALIAN_BIMMERFEST_6.jpg\" alt=\"italian bimmerfest bmw 40 anni serie 3\" width=\"690\" height=\"459\" \/><\/p>\n<p>Une fois convoqu\u00e9 tous les six propri\u00e9taires des voitures choisies, profitant de la piste \u00e0 notre disposition, nous c\u00e9l\u00e9brons les quarante ans avec quelques belles photographies aux six g\u00e9n\u00e9rations.<\/p>\n<p><img loading=\"lazy\" decoding=\"async\" class=\"alignnone wp-image-2693 size-full\" src=\"http:\/\/www.car-shooters.com\/wp-content\/uploads\/2015\/09\/CAR_SHOOTERS_ITALIAN_BIMMERFEST_7.jpg\" alt=\"italian bimmerfest bmw 40 anni serie 3\" width=\"690\" height=\"459\" \/><\/p>\n<p><img loading=\"lazy\" decoding=\"async\" class=\"alignnone wp-image-2697 size-full\" src=\"http:\/\/www.car-shooters.com\/wp-content\/uploads\/2015\/09\/CAR_SHOOTERS_ITALIAN_BIMMERFEST_11.jpg\" alt=\"italian bimmerfest bmw 40 anni serie 3\" width=\"690\" height=\"459\" \/><\/p>\n<p><img loading=\"lazy\" decoding=\"async\" class=\"alignnone wp-image-2695 size-full\" src=\"http:\/\/www.car-shooters.com\/wp-content\/uploads\/2015\/09\/CAR_SHOOTERS_ITALIAN_BIMMERFEST_9.jpg\" alt=\"italian bimmerfest bmw 40 anni serie 3\" width=\"690\" height=\"459\" \/><\/p>\n<p><img loading=\"lazy\" decoding=\"async\" class=\"alignnone wp-image-2704 size-full\" src=\"http:\/\/www.car-shooters.com\/wp-content\/uploads\/2015\/09\/CAR_SHOOTERS_ITALIAN_BIMMERFEST_18.jpg\" alt=\"italian bimmerfest bmw 40 anni serie 3\" width=\"690\" height=\"459\" \/><\/p>\n<p>Voir la parade, avec toutes les voitures en ligne, a \u00e9t\u00e9 certainement une source de divertissement pour le public qui a regard\u00e9 curieusement la parade. Nous avons termin\u00e9 notre travail, une petite pause pour regarder vers le bas sur le beau spectacle des nombreux BMW dans le paddock.<\/p>\n<p><img loading=\"lazy\" decoding=\"async\" class=\"alignnone wp-image-2715 size-full\" src=\"http:\/\/www.car-shooters.com\/wp-content\/uploads\/2015\/09\/CAR_SHOOTERS_ITALIAN_BIMMERFEST_29.jpg\" alt=\"italian bimmerfest bmw\" width=\"690\" height=\"459\" \/><\/p>\n<p><img loading=\"lazy\" decoding=\"async\" class=\"alignnone wp-image-2717 size-full\" src=\"http:\/\/www.car-shooters.com\/wp-content\/uploads\/2015\/09\/CAR_SHOOTERS_ITALIAN_BIMMERFEST_31.jpg\" alt=\"italian bimmerfest bmw\" width=\"690\" height=\"459\" \/><\/p>\n<p><img loading=\"lazy\" decoding=\"async\" class=\"alignnone wp-image-2718 size-full\" src=\"http:\/\/www.car-shooters.com\/wp-content\/uploads\/2015\/09\/CAR_SHOOTERS_ITALIAN_BIMMERFEST_32.jpg\" alt=\"italian bimmerfest bmw\" width=\"690\" height=\"459\" \/><\/p>\n<p><img loading=\"lazy\" decoding=\"async\" class=\"alignnone wp-image-2713 size-full\" src=\"http:\/\/www.car-shooters.com\/wp-content\/uploads\/2015\/09\/CAR_SHOOTERS_ITALIAN_BIMMERFEST_27.jpg\" alt=\"italian bimmerfest bmw\" width=\"690\" height=\"459\" \/><\/p>\n<p>Est venu aussi le temps de red\u00e9marrer la 520, qui est rest\u00e9e stationn\u00e9e tout le temps \u00e0 tenir compagnie aux autres dames de son \u00e2ge, pour commencer le voyage de retour. Si vous \u00eates passionn\u00e9 ou propri\u00e9taires de BMW est certainement un \u00e9v\u00e9nement \u00e0 ne pas manquer!<\/p>\n<p>&nbsp;<\/p>\n<p><strong>Texte:\u00a0<\/strong><em>Leonardo Stefani\u00a0<\/em><\/p>\n<p><strong>Photos:<\/strong>\u00a0<em>Edoardo Mascalchi<\/em><\/p>\n<p>&nbsp;<\/p>\n<p><strong><em>Bonus Images:<\/em><\/strong><\/p>\n<p><img loading=\"lazy\" decoding=\"async\" class=\"alignnone wp-image-2706 size-full\" src=\"http:\/\/www.car-shooters.com\/wp-content\/uploads\/2015\/09\/CAR_SHOOTERS_ITALIAN_BIMMERFEST_20.jpg\" alt=\"italian bimmerfest bmw 40 anni serie 3\" width=\"690\" height=\"459\" \/><\/p>\n<p><img loading=\"lazy\" decoding=\"async\" class=\"alignnone wp-image-2705 size-full\" src=\"http:\/\/www.car-shooters.com\/wp-content\/uploads\/2015\/09\/CAR_SHOOTERS_ITALIAN_BIMMERFEST_19.jpg\" alt=\"italian bimmerfest bmw 40 anni serie 3\" width=\"690\" height=\"459\" \/><\/p>\n<p><img loading=\"lazy\" decoding=\"async\" class=\"alignnone wp-image-2703 size-full\" src=\"http:\/\/www.car-shooters.com\/wp-content\/uploads\/2015\/09\/CAR_SHOOTERS_ITALIAN_BIMMERFEST_17.jpg\" alt=\"italian bimmerfest bmw 40 anni serie 3\" width=\"690\" height=\"459\" \/><\/p>\n<p><img loading=\"lazy\" decoding=\"async\" class=\"alignnone wp-image-2701 size-full\" src=\"http:\/\/www.car-shooters.com\/wp-content\/uploads\/2015\/09\/CAR_SHOOTERS_ITALIAN_BIMMERFEST_15.jpg\" alt=\"italian bimmerfest bmw 40 anni serie 3\" width=\"690\" height=\"459\" \/><\/p>\n<p><img loading=\"lazy\" decoding=\"async\" class=\"alignnone wp-image-2700 size-full\" src=\"http:\/\/www.car-shooters.com\/wp-content\/uploads\/2015\/09\/CAR_SHOOTERS_ITALIAN_BIMMERFEST_14.jpg\" alt=\"italian bimmerfest bmw 40 anni serie 3\" width=\"690\" height=\"459\" \/><\/p>\n<p><img loading=\"lazy\" decoding=\"async\" class=\"alignnone wp-image-2699 size-full\" src=\"http:\/\/www.car-shooters.com\/wp-content\/uploads\/2015\/09\/CAR_SHOOTERS_ITALIAN_BIMMERFEST_13.jpg\" alt=\"italian bimmerfest bmw 40 anni serie 3\" width=\"690\" height=\"459\" \/><\/p>\n<p><img loading=\"lazy\" decoding=\"async\" class=\"alignnone wp-image-2698 size-full\" src=\"http:\/\/www.car-shooters.com\/wp-content\/uploads\/2015\/09\/CAR_SHOOTERS_ITALIAN_BIMMERFEST_12.jpg\" alt=\"italian bimmerfest bmw 40 anni serie 3\" width=\"690\" height=\"459\" \/><\/p>\n<p><img loading=\"lazy\" decoding=\"async\" class=\"alignnone wp-image-2696 size-full\" src=\"http:\/\/www.car-shooters.com\/wp-content\/uploads\/2015\/09\/CAR_SHOOTERS_ITALIAN_BIMMERFEST_10.jpg\" alt=\"italian bimmerfest bmw 40 anni serie 3\" width=\"690\" height=\"459\" \/><\/p>\n<p><img loading=\"lazy\" decoding=\"async\" class=\"alignnone wp-image-2694 size-full\" src=\"http:\/\/www.car-shooters.com\/wp-content\/uploads\/2015\/09\/CAR_SHOOTERS_ITALIAN_BIMMERFEST_8.jpg\" alt=\"italian bimmerfest bmw 40 anni serie 3\" width=\"690\" height=\"459\" \/><\/p>\n","protected":false},"excerpt":{"rendered":"<p>27.09.2015. L&#8217;Autodrome de Modena se pr\u00e9pare \u00e0 accueillir la sixi\u00e8me\u00a0\u00e9dition du plus grand rassemblement de BMW italiennes, le Bimmerfest. Cet \u00e9v\u00e9nement, n\u00e9 presque comme un rassemblement d&#8217;amis en 2010, est venu \u00e0 compter plus de 300 participants l&#8217;an dernier. Il est ouvert \u00e0 tous les d\u00e9tenteurs d&#8217;une voiture de la maison bavaroise, qui est inscrit &hellip; <a href=\"https:\/\/www.car-shooters.com\/fr\/2015\/09\/29\/italian-bimmerfest-2015\/\">Continued<\/a><\/p>\n","protected":false},"author":1,"featured_media":2719,"comment_status":"closed","ping_status":"closed","sticky":false,"template":"","format":"standard","meta":{"_monsterinsights_skip_tracking":false,"_monsterinsights_sitenote_active":false,"_monsterinsights_sitenote_note":"","_monsterinsights_sitenote_category":0,"footnotes":""},"categories":[215],"tags":[],"class_list":["post-2728","post","type-post","status-publish","format-standard","has-post-thumbnail","hentry","category-evenements"],"yoast_head":"<!-- This site is optimized with the Yoast SEO plugin v24.4 - https:\/\/yoast.com\/wordpress\/plugins\/seo\/ -->\n<title>ITALIAN BIMMERFEST 2015 | Car - Shooters<\/title>\n<meta name=\"robots\" content=\"index, follow, max-snippet:-1, max-image-preview:large, max-video-preview:-1\" \/>\n<link rel=\"canonical\" href=\"https:\/\/www.car-shooters.com\/fr\/2015\/09\/29\/italian-bimmerfest-2015\/\" \/>\n<meta property=\"og:locale\" content=\"fr_FR\" \/>\n<meta property=\"og:type\" content=\"article\" \/>\n<meta property=\"og:title\" content=\"ITALIAN BIMMERFEST 2015 | Car - Shooters\" \/>\n<meta property=\"og:description\" content=\"27.09.2015. L&#8217;Autodrome de Modena se pr\u00e9pare \u00e0 accueillir la sixi\u00e8me\u00a0\u00e9dition du plus grand rassemblement de BMW italiennes, le Bimmerfest. Cet \u00e9v\u00e9nement, n\u00e9 presque comme un rassemblement d&#8217;amis en 2010, est venu \u00e0 compter plus de 300 participants l&#8217;an dernier. Il est ouvert \u00e0 tous les d\u00e9tenteurs d&#8217;une voiture de la maison bavaroise, qui est inscrit &hellip; Continued\" \/>\n<meta property=\"og:url\" content=\"https:\/\/www.car-shooters.com\/fr\/2015\/09\/29\/italian-bimmerfest-2015\/\" \/>\n<meta property=\"og:site_name\" content=\"Car - Shooters\" \/>\n<meta property=\"article:publisher\" content=\"https:\/\/www.facebook.com\/carshooters\" \/>\n<meta property=\"article:published_time\" content=\"2015-09-29T15:28:50+00:00\" \/>\n<meta property=\"article:modified_time\" content=\"2016-09-26T13:08:38+00:00\" \/>\n<meta property=\"og:image\" content=\"https:\/\/www.car-shooters.com\/wp-content\/uploads\/2015\/09\/CAR_SHOOTERS_ITALIAN_BIMMERFEST_COVER_1.jpg\" \/>\n\t<meta property=\"og:image:width\" content=\"1200\" \/>\n\t<meta property=\"og:image:height\" content=\"799\" \/>\n\t<meta property=\"og:image:type\" content=\"image\/jpeg\" \/>\n<meta name=\"author\" content=\"Edoardo Mascalchi\" \/>\n<meta name=\"twitter:card\" content=\"summary_large_image\" \/>\n<meta name=\"twitter:creator\" content=\"@Car_Shooters\" \/>\n<meta name=\"twitter:site\" content=\"@Car_Shooters\" \/>\n<meta name=\"twitter:label1\" content=\"Written by\" \/>\n\t<meta name=\"twitter:data1\" content=\"Edoardo Mascalchi\" \/>\n\t<meta name=\"twitter:label2\" content=\"Est. reading time\" \/>\n\t<meta name=\"twitter:data2\" content=\"4 minutes\" \/>\n<script type=\"application\/ld+json\" class=\"yoast-schema-graph\">{\"@context\":\"https:\/\/schema.org\",\"@graph\":[{\"@type\":\"WebPage\",\"@id\":\"https:\/\/www.car-shooters.com\/fr\/2015\/09\/29\/italian-bimmerfest-2015\/\",\"url\":\"https:\/\/www.car-shooters.com\/fr\/2015\/09\/29\/italian-bimmerfest-2015\/\",\"name\":\"ITALIAN BIMMERFEST 2015 | Car - Shooters\",\"isPartOf\":{\"@id\":\"https:\/\/www.car-shooters.com\/en\/#website\"},\"primaryImageOfPage\":{\"@id\":\"https:\/\/www.car-shooters.com\/fr\/2015\/09\/29\/italian-bimmerfest-2015\/#primaryimage\"},\"image\":{\"@id\":\"https:\/\/www.car-shooters.com\/fr\/2015\/09\/29\/italian-bimmerfest-2015\/#primaryimage\"},\"thumbnailUrl\":\"https:\/\/www.car-shooters.com\/wp-content\/uploads\/2015\/09\/CAR_SHOOTERS_ITALIAN_BIMMERFEST_COVER_1.jpg\",\"datePublished\":\"2015-09-29T15:28:50+00:00\",\"dateModified\":\"2016-09-26T13:08:38+00:00\",\"author\":{\"@id\":\"https:\/\/www.car-shooters.com\/en\/#\/schema\/person\/724c222d4f54a294e9a3c9215b18513e\"},\"breadcrumb\":{\"@id\":\"https:\/\/www.car-shooters.com\/fr\/2015\/09\/29\/italian-bimmerfest-2015\/#breadcrumb\"},\"inLanguage\":\"fr-FR\",\"potentialAction\":[{\"@type\":\"ReadAction\",\"target\":[\"https:\/\/www.car-shooters.com\/fr\/2015\/09\/29\/italian-bimmerfest-2015\/\"]}]},{\"@type\":\"ImageObject\",\"inLanguage\":\"fr-FR\",\"@id\":\"https:\/\/www.car-shooters.com\/fr\/2015\/09\/29\/italian-bimmerfest-2015\/#primaryimage\",\"url\":\"https:\/\/www.car-shooters.com\/wp-content\/uploads\/2015\/09\/CAR_SHOOTERS_ITALIAN_BIMMERFEST_COVER_1.jpg\",\"contentUrl\":\"https:\/\/www.car-shooters.com\/wp-content\/uploads\/2015\/09\/CAR_SHOOTERS_ITALIAN_BIMMERFEST_COVER_1.jpg\",\"width\":1200,\"height\":799,\"caption\":\"italian bimmerfest bmw 40 anni serie 3 autodromo di modena\"},{\"@type\":\"BreadcrumbList\",\"@id\":\"https:\/\/www.car-shooters.com\/fr\/2015\/09\/29\/italian-bimmerfest-2015\/#breadcrumb\",\"itemListElement\":[{\"@type\":\"ListItem\",\"position\":1,\"name\":\"Home\",\"item\":\"https:\/\/www.car-shooters.com\/fr\/\"},{\"@type\":\"ListItem\",\"position\":2,\"name\":\"ITALIAN BIMMERFEST 2015\"}]},{\"@type\":\"WebSite\",\"@id\":\"https:\/\/www.car-shooters.com\/en\/#website\",\"url\":\"https:\/\/www.car-shooters.com\/en\/\",\"name\":\"Car - Shooters\",\"description\":\"Belles voitures et paysages spectaculaires\",\"potentialAction\":[{\"@type\":\"SearchAction\",\"target\":{\"@type\":\"EntryPoint\",\"urlTemplate\":\"https:\/\/www.car-shooters.com\/en\/?s={search_term_string}\"},\"query-input\":{\"@type\":\"PropertyValueSpecification\",\"valueRequired\":true,\"valueName\":\"search_term_string\"}}],\"inLanguage\":\"fr-FR\"},{\"@type\":\"Person\",\"@id\":\"https:\/\/www.car-shooters.com\/en\/#\/schema\/person\/724c222d4f54a294e9a3c9215b18513e\",\"name\":\"Edoardo Mascalchi\",\"image\":{\"@type\":\"ImageObject\",\"inLanguage\":\"fr-FR\",\"@id\":\"https:\/\/www.car-shooters.com\/en\/#\/schema\/person\/image\/\",\"url\":\"https:\/\/secure.gravatar.com\/avatar\/630e3e904571fd05cbd5e16ba5d77db9?s=96&d=mm&r=g\",\"contentUrl\":\"https:\/\/secure.gravatar.com\/avatar\/630e3e904571fd05cbd5e16ba5d77db9?s=96&d=mm&r=g\",\"caption\":\"Edoardo Mascalchi\"},\"sameAs\":[\"http:\/\/www.edoardomascalchi.it\"]}]}<\/script>\n<!-- \/ Yoast SEO plugin. -->","yoast_head_json":{"title":"ITALIAN BIMMERFEST 2015 | Car - Shooters","robots":{"index":"index","follow":"follow","max-snippet":"max-snippet:-1","max-image-preview":"max-image-preview:large","max-video-preview":"max-video-preview:-1"},"canonical":"https:\/\/www.car-shooters.com\/fr\/2015\/09\/29\/italian-bimmerfest-2015\/","og_locale":"fr_FR","og_type":"article","og_title":"ITALIAN BIMMERFEST 2015 | Car - Shooters","og_description":"27.09.2015. L&#8217;Autodrome de Modena se pr\u00e9pare \u00e0 accueillir la sixi\u00e8me\u00a0\u00e9dition du plus grand rassemblement de BMW italiennes, le Bimmerfest. Cet \u00e9v\u00e9nement, n\u00e9 presque comme un rassemblement d&#8217;amis en 2010, est venu \u00e0 compter plus de 300 participants l&#8217;an dernier. Il est ouvert \u00e0 tous les d\u00e9tenteurs d&#8217;une voiture de la maison bavaroise, qui est inscrit &hellip; Continued","og_url":"https:\/\/www.car-shooters.com\/fr\/2015\/09\/29\/italian-bimmerfest-2015\/","og_site_name":"Car - Shooters","article_publisher":"https:\/\/www.facebook.com\/carshooters","article_published_time":"2015-09-29T15:28:50+00:00","article_modified_time":"2016-09-26T13:08:38+00:00","og_image":[{"width":1200,"height":799,"url":"https:\/\/www.car-shooters.com\/wp-content\/uploads\/2015\/09\/CAR_SHOOTERS_ITALIAN_BIMMERFEST_COVER_1.jpg","type":"image\/jpeg"}],"author":"Edoardo Mascalchi","twitter_card":"summary_large_image","twitter_creator":"@Car_Shooters","twitter_site":"@Car_Shooters","twitter_misc":{"Written by":"Edoardo Mascalchi","Est. reading time":"4 minutes"},"schema":{"@context":"https:\/\/schema.org","@graph":[{"@type":"WebPage","@id":"https:\/\/www.car-shooters.com\/fr\/2015\/09\/29\/italian-bimmerfest-2015\/","url":"https:\/\/www.car-shooters.com\/fr\/2015\/09\/29\/italian-bimmerfest-2015\/","name":"ITALIAN BIMMERFEST 2015 | Car - Shooters","isPartOf":{"@id":"https:\/\/www.car-shooters.com\/en\/#website"},"primaryImageOfPage":{"@id":"https:\/\/www.car-shooters.com\/fr\/2015\/09\/29\/italian-bimmerfest-2015\/#primaryimage"},"image":{"@id":"https:\/\/www.car-shooters.com\/fr\/2015\/09\/29\/italian-bimmerfest-2015\/#primaryimage"},"thumbnailUrl":"https:\/\/www.car-shooters.com\/wp-content\/uploads\/2015\/09\/CAR_SHOOTERS_ITALIAN_BIMMERFEST_COVER_1.jpg","datePublished":"2015-09-29T15:28:50+00:00","dateModified":"2016-09-26T13:08:38+00:00","author":{"@id":"https:\/\/www.car-shooters.com\/en\/#\/schema\/person\/724c222d4f54a294e9a3c9215b18513e"},"breadcrumb":{"@id":"https:\/\/www.car-shooters.com\/fr\/2015\/09\/29\/italian-bimmerfest-2015\/#breadcrumb"},"inLanguage":"fr-FR","potentialAction":[{"@type":"ReadAction","target":["https:\/\/www.car-shooters.com\/fr\/2015\/09\/29\/italian-bimmerfest-2015\/"]}]},{"@type":"ImageObject","inLanguage":"fr-FR","@id":"https:\/\/www.car-shooters.com\/fr\/2015\/09\/29\/italian-bimmerfest-2015\/#primaryimage","url":"https:\/\/www.car-shooters.com\/wp-content\/uploads\/2015\/09\/CAR_SHOOTERS_ITALIAN_BIMMERFEST_COVER_1.jpg","contentUrl":"https:\/\/www.car-shooters.com\/wp-content\/uploads\/2015\/09\/CAR_SHOOTERS_ITALIAN_BIMMERFEST_COVER_1.jpg","width":1200,"height":799,"caption":"italian bimmerfest bmw 40 anni serie 3 autodromo di modena"},{"@type":"BreadcrumbList","@id":"https:\/\/www.car-shooters.com\/fr\/2015\/09\/29\/italian-bimmerfest-2015\/#breadcrumb","itemListElement":[{"@type":"ListItem","position":1,"name":"Home","item":"https:\/\/www.car-shooters.com\/fr\/"},{"@type":"ListItem","position":2,"name":"ITALIAN BIMMERFEST 2015"}]},{"@type":"WebSite","@id":"https:\/\/www.car-shooters.com\/en\/#website","url":"https:\/\/www.car-shooters.com\/en\/","name":"Car - Shooters","description":"Belles voitures et paysages spectaculaires","potentialAction":[{"@type":"SearchAction","target":{"@type":"EntryPoint","urlTemplate":"https:\/\/www.car-shooters.com\/en\/?s={search_term_string}"},"query-input":{"@type":"PropertyValueSpecification","valueRequired":true,"valueName":"search_term_string"}}],"inLanguage":"fr-FR"},{"@type":"Person","@id":"https:\/\/www.car-shooters.com\/en\/#\/schema\/person\/724c222d4f54a294e9a3c9215b18513e","name":"Edoardo Mascalchi","image":{"@type":"ImageObject","inLanguage":"fr-FR","@id":"https:\/\/www.car-shooters.com\/en\/#\/schema\/person\/image\/","url":"https:\/\/secure.gravatar.com\/avatar\/630e3e904571fd05cbd5e16ba5d77db9?s=96&d=mm&r=g","contentUrl":"https:\/\/secure.gravatar.com\/avatar\/630e3e904571fd05cbd5e16ba5d77db9?s=96&d=mm&r=g","caption":"Edoardo Mascalchi"},"sameAs":["http:\/\/www.edoardomascalchi.it"]}]}},"_links":{"self":[{"href":"https:\/\/www.car-shooters.com\/fr\/wp-json\/wp\/v2\/posts\/2728","targetHints":{"allow":["GET"]}}],"collection":[{"href":"https:\/\/www.car-shooters.com\/fr\/wp-json\/wp\/v2\/posts"}],"about":[{"href":"https:\/\/www.car-shooters.com\/fr\/wp-json\/wp\/v2\/types\/post"}],"author":[{"embeddable":true,"href":"https:\/\/www.car-shooters.com\/fr\/wp-json\/wp\/v2\/users\/1"}],"replies":[{"embeddable":true,"href":"https:\/\/www.car-shooters.com\/fr\/wp-json\/wp\/v2\/comments?post=2728"}],"version-history":[{"count":8,"href":"https:\/\/www.car-shooters.com\/fr\/wp-json\/wp\/v2\/posts\/2728\/revisions"}],"predecessor-version":[{"id":4885,"href":"https:\/\/www.car-shooters.com\/fr\/wp-json\/wp\/v2\/posts\/2728\/revisions\/4885"}],"wp:featuredmedia":[{"embeddable":true,"href":"https:\/\/www.car-shooters.com\/fr\/wp-json\/wp\/v2\/media\/2719"}],"wp:attachment":[{"href":"https:\/\/www.car-shooters.com\/fr\/wp-json\/wp\/v2\/media?parent=2728"}],"wp:term":[{"taxonomy":"category","embeddable":true,"href":"https:\/\/www.car-shooters.com\/fr\/wp-json\/wp\/v2\/categories?post=2728"},{"taxonomy":"post_tag","embeddable":true,"href":"https:\/\/www.car-shooters.com\/fr\/wp-json\/wp\/v2\/tags?post=2728"}],"curies":[{"name":"wp","href":"https:\/\/api.w.org\/{rel}","templated":true}]}}